{"id":677,"date":"2021-02-02T10:32:05","date_gmt":"2021-02-02T10:32:05","guid":{"rendered":"http:\/\/meehrsicht.de\/?p=677"},"modified":"2021-02-02T10:33:28","modified_gmt":"2021-02-02T10:33:28","slug":"02-02-21-tag-des-igels","status":"publish","type":"post","link":"https:\/\/meehrsicht.de\/?p=677","title":{"rendered":"02.02.21 &#8211; Tag des Igels"},"content":{"rendered":"<p>Moin Zusammen<\/p>\n<p>Heute ist der Tag des Igels. Der Geselle schl\u00e4ft im Moment noch und sollte auch nicht geweckt werden.<br \/>\nDer Ursprung dieses Ehrentages und der Grund f\u00fcr das Datum sind nicht genau bekannt. Es wird jedoch vermutet, dass die Wahl desDatums darauf zur\u00fcckzuf\u00fchren ist, dass es genau zwischen der Wintersonnenwende und Fr\u00fchjahrstagundnachtgleiche liegt.<\/p>\n<p>Bis zum Fr\u00fchjahr halten Igel noch Winterschlaf. Die meisten werden im April aufwachen und brauchen dann viel Futter, um schnell f\u00fcr die Brutzeit fit zu werden. Eine Beif\u00fctterung wird somit auch im Fr\u00fchjahr dankbar angenommen und erh\u00f6ht die \u00dcberlebenschancen der stacheligen Gartenbewohner erheblich.<\/p>\n<p>Weitere Infos findet Ihr auf den Seiten des Nabu unter diesen Links:<\/p>\n<ul>\n<li><a href=\"https:\/\/www.nabu.de\/umwelt-und-ressourcen\/oekologisch-leben\/balkon-und-garten\/tiere\/saeugetiere\/00755.html\" target=\"_blank\" rel=\"noopener\">Igelschutz im Garten<\/a><\/li>\n<li><a href=\"https:\/\/www.nabu.de\/tiere-und-pflanzen\/saeugetiere\/sonstige-saeugetiere\/10302.html\" target=\"_blank\" rel=\"noopener\">Der Igel im Portr\u00e4t<\/a><\/li>\n<li><a href=\"https:\/\/www.nabu.de\/ratgeber\/igel.pdf\" target=\"_blank\" rel=\"noopener\">Igel und Igelschutz (PDF)<\/a><\/li>\n<\/ul>\n","protected":false},"excerpt":{"rendered":"<p>Moin Zusammen Heute ist der Tag des Igels. Der Geselle schl\u00e4ft im Moment noch und sollte auch nicht geweckt werden. Der Ursprung dieses Ehrentages und der Grund f\u00fcr das Datum sind nicht genau bekannt. Es wird jedoch vermutet, dass die &hellip; <a href=\"https:\/\/meehrsicht.de\/?p=677\">Weiterlesen <span class=\"meta-nav\">&rarr;<\/span><\/a><\/p>\n","protected":false},"author":1,"featured_media":0,"comment_status":"closed","ping_status":"closed","sticky":false,"template":"","format":"standard","meta":{"footnotes":""},"categories":[38],"tags":[],"_links":{"self":[{"href":"https:\/\/meehrsicht.de\/index.php?rest_route=\/wp\/v2\/posts\/677"}],"collection":[{"href":"https:\/\/meehrsicht.de\/index.php?rest_route=\/wp\/v2\/posts"}],"about":[{"href":"https:\/\/meehrsicht.de\/index.php?rest_route=\/wp\/v2\/types\/post"}],"author":[{"embeddable":true,"href":"https:\/\/meehrsicht.de\/index.php?rest_route=\/wp\/v2\/users\/1"}],"replies":[{"embeddable":true,"href":"https:\/\/meehrsicht.de\/index.php?rest_route=%2Fwp%2Fv2%2Fcomments&post=677"}],"version-history":[{"count":2,"href":"https:\/\/meehrsicht.de\/index.php?rest_route=\/wp\/v2\/posts\/677\/revisions"}],"predecessor-version":[{"id":679,"href":"https:\/\/meehrsicht.de\/index.php?rest_route=\/wp\/v2\/posts\/677\/revisions\/679"}],"wp:attachment":[{"href":"https:\/\/meehrsicht.de\/index.php?rest_route=%2Fwp%2Fv2%2Fmedia&parent=677"}],"wp:term":[{"taxonomy":"category","embeddable":true,"href":"https:\/\/meehrsicht.de\/index.php?rest_route=%2Fwp%2Fv2%2Fcategories&post=677"},{"taxonomy":"post_tag","embeddable":true,"href":"https:\/\/meehrsicht.de\/index.php?rest_route=%2Fwp%2Fv2%2Ftags&post=677"}],"curies":[{"name":"wp","href":"https:\/\/api.w.org\/{rel}","templated":true}]}}